{"id":615,"date":"2019-03-15T12:53:22","date_gmt":"2019-03-15T11:53:22","guid":{"rendered":"https:\/\/dev.christianesegal.com\/?p=615"},"modified":"2022-04-05T12:46:43","modified_gmt":"2022-04-05T10:46:43","slug":"exposition-2016-grange-de-jouxtens-vd","status":"publish","type":"post","link":"https:\/\/christianesegal.com\/en\/expositions\/exposition-2016-grange-de-jouxtens-vd\/","title":{"rendered":"EXPOSITION  2016   &#8211; Grange de Jouxtens (VD)"},"content":{"rendered":"<p><div class=\"fusion-fullwidth fullwidth-box fusion-builder-row-1 fusion-flex-container nonhundred-percent-fullwidth non-hundred-percent-height-scrolling fusion-no-large-visibility\" style=\"--awb-border-radius-top-left:0px;--awb-border-radius-top-right:0px;--awb-border-radius-bottom-right:0px;--awb-border-radius-bottom-left:0px;--awb-flex-wrap:wrap;\" ><div class=\"fusion-builder-row fusion-row fusion-flex-align-items-flex-start fusion-flex-content-wrap\" style=\"max-width:calc( 80% + 0px );margin-left: calc(-0px \/ 2 );margin-right: calc(-0px \/ 2 );\"><div class=\"fusion-layout-column fusion_builder_column fusion-builder-column-0 fusion_builder_column_1_1 1_1 fusion-flex-column fusion-column-inner-bg-wrapper\" style=\"--awb-padding-top:10%;--awb-padding-bottom:10%;--awb-inner-bg-position:center center;--awb-inner-bg-blend:overlay;--awb-inner-bg-size:cover;--awb-width-large:100%;--awb-margin-top-large:20px;--awb-spacing-right-large:0px;--awb-margin-bottom-large:20px;--awb-spacing-left-large:0px;--awb-width-medium:100%;--awb-spacing-right-medium:0px;--awb-spacing-left-medium:0px;--awb-width-small:100%;--awb-spacing-right-small:0px;--awb-spacing-left-small:0px;\"><span class=\"fusion-column-inner-bg hover-type-zoomout\"><span class=\"fusion-column-anchor\"><span class=\"fusion-column-inner-bg-image lazyload\" data-bg=\"https:\/\/dev.christianesegal.com\/wp-content\/uploads\/2019\/03\/single-blog-post-feat.jpg\"><\/span><\/span><\/span><div class=\"fusion-column-wrapper fusion-flex-justify-content-flex-start fusion-content-layout-column fusion-column-has-bg-image\" data-bg-url=\"https:\/\/dev.christianesegal.com\/wp-content\/uploads\/2019\/03\/single-blog-post-feat.jpg\"><div class=\"fusion-separator fusion-no-large-visibility fusion-full-width-sep\" style=\"align-self: center;margin-left: auto;margin-right: auto;margin-top:200px;width:100%;\"><\/div><\/div><\/div><div class=\"fusion-layout-column fusion_builder_column fusion-builder-column-1 fusion_builder_column_1_1 1_1 fusion-flex-column\" style=\"--awb-padding-top:6%;--awb-bg-color:var(--awb-color1);--awb-bg-color-hover:var(--awb-color1);--awb-bg-size:cover;--awb-width-large:100%;--awb-margin-top-large:0px;--awb-spacing-right-large:0px;--awb-margin-bottom-large:0px;--awb-spacing-left-large:0px;--awb-width-medium:100%;--awb-spacing-right-medium:0px;--awb-spacing-left-medium:0px;--awb-width-small:100%;--awb-spacing-right-small:0px;--awb-spacing-left-small:0px;\"><div class=\"fusion-column-wrapper fusion-flex-justify-content-flex-start fusion-content-layout-column\"><div class=\"fusion-text fusion-text-1 caption\"><p style=\"text-align: center;\">Interviews \u2014 5 Min Read<\/p>\n<\/div><div class=\"fusion-title title fusion-title-1 fusion-sep-none fusion-title-center fusion-title-text fusion-title-size-two\" style=\"--awb-margin-top:30px;--awb-margin-bottom:20px;--awb-margin-top-small:0px;--awb-margin-right-small:0px;--awb-margin-bottom-small:20px;--awb-margin-left-small:0px;--awb-font-size:52px;\"><h2 class=\"fusion-title-heading title-heading-center fusion-responsive-typography-calculated\" style=\"margin:0;font-size:1em;--fontSize:52;line-height:1.28;\">New Perspectives on Storytelling and Art<\/h2><\/div><div class=\"fusion-separator\" style=\"align-self: center;margin-left: auto;margin-right: auto;margin-top:20px;margin-bottom:10px;width:100%;max-width:32px;\"><div class=\"fusion-separator-border sep-single sep-solid\" style=\"--awb-height:20px;--awb-amount:20px;--awb-sep-color:var(--awb-color8);border-color:var(--awb-color8);border-top-width:2px;\"><\/div><\/div><\/div><\/div><\/div><\/div><div class=\"fusion-fullwidth fullwidth-box fusion-builder-row-2 fusion-flex-container nonhundred-percent-fullwidth non-hundred-percent-height-scrolling\" style=\"--awb-border-radius-top-left:0px;--awb-border-radius-top-right:0px;--awb-border-radius-bottom-right:0px;--awb-border-radius-bottom-left:0px;--awb-padding-top:4%;--awb-padding-right:3%;--awb-padding-bottom:46px;--awb-padding-left:3%;--awb-margin-bottom:0px;--awb-flex-wrap:wrap;\" ><div class=\"fusion-builder-row fusion-row fusion-flex-align-items-flex-start fusion-flex-content-wrap\" style=\"max-width:calc( 80% + 0px );margin-left: calc(-0px \/ 2 );margin-right: calc(-0px \/ 2 );\"><div class=\"fusion-layout-column fusion_builder_column fusion-builder-column-2 fusion_builder_column_1_1 1_1 fusion-flex-column\" style=\"--awb-padding-top:0%;--awb-padding-right:8%;--awb-padding-left:8%;--awb-bg-color:#ffffff;--awb-bg-color-hover:#ffffff;--awb-bg-size:cover;--awb-width-large:100%;--awb-margin-top-large:0px;--awb-spacing-right-large:0px;--awb-margin-bottom-large:0px;--awb-spacing-left-large:0px;--awb-width-medium:100%;--awb-spacing-right-medium:0px;--awb-spacing-left-medium:0px;--awb-width-small:100%;--awb-spacing-right-small:0px;--awb-spacing-left-small:0px;\"><div class=\"fusion-column-wrapper fusion-flex-justify-content-flex-start fusion-content-layout-column\"><div class=\"fusion-title title fusion-title-2 fusion-sep-none fusion-title-center fusion-title-text fusion-title-size-one\" style=\"--awb-margin-top:30px;--awb-margin-bottom:20px;--awb-margin-top-small:0px;--awb-margin-right-small:0px;--awb-margin-bottom-small:20px;--awb-margin-left-small:0px;--awb-font-size:50px;\"><h1 class=\"fusion-title-heading title-heading-center fusion-responsive-typography-calculated\" style=\"margin:0;font-size:1em;--fontSize:50;line-height:var(--awb-typography1-line-height);\">EXPOSITION  2016   &#8211; Grange de Jouxtens (VD)<\/h1><\/div><\/div><\/div><\/div><\/div>\n<div class=\"fusion-fullwidth fullwidth-box fusion-builder-row-3 fusion-flex-container nonhundred-percent-fullwidth non-hundred-percent-height-scrolling\" style=\"--awb-border-radius-top-left:0px;--awb-border-radius-top-right:0px;--awb-border-radius-bottom-right:0px;--awb-border-radius-bottom-left:0px;--awb-padding-bottom:0px;--awb-flex-wrap:wrap;\" ><div class=\"fusion-builder-row fusion-row fusion-flex-align-items-center fusion-flex-content-wrap\" style=\"max-width:83.2%;margin-left: calc(-4% \/ 2 );margin-right: calc(-4% \/ 2 );\"><div class=\"fusion-layout-column fusion_builder_column fusion-builder-column-3 fusion_builder_column_1_6 1_6 fusion-flex-column\" style=\"--awb-bg-size:cover;--awb-width-large:16.666666666667%;--awb-margin-top-large:20px;--awb-spacing-right-large:11.52%;--awb-margin-bottom-large:20px;--awb-spacing-left-large:11.52%;--awb-width-medium:100%;--awb-order-medium:0;--awb-spacing-right-medium:1.92%;--awb-spacing-left-medium:1.92%;--awb-width-small:100%;--awb-order-small:0;--awb-spacing-right-small:1.92%;--awb-spacing-left-small:1.92%;\"><div class=\"fusion-column-wrapper fusion-column-has-shadow fusion-flex-justify-content-flex-start fusion-content-layout-column\"><\/div><\/div><div class=\"fusion-layout-column fusion_builder_column fusion-builder-column-4 fusion_builder_column_2_3 2_3 fusion-flex-column\" style=\"--awb-bg-size:cover;--awb-width-large:66.666666666667%;--awb-margin-top-large:20px;--awb-spacing-right-large:2.88%;--awb-margin-bottom-large:20px;--awb-spacing-left-large:2.88%;--awb-width-medium:100%;--awb-order-medium:0;--awb-spacing-right-medium:1.92%;--awb-spacing-left-medium:1.92%;--awb-width-small:100%;--awb-order-small:0;--awb-spacing-right-small:1.92%;--awb-spacing-left-small:1.92%;\"><div class=\"fusion-column-wrapper fusion-column-has-shadow fusion-flex-justify-content-flex-start fusion-content-layout-column\"><div class=\"fusion-image-element \" style=\"text-align:center;--awb-margin-bottom:50px;--awb-caption-title-font-family:var(--h2_typography-font-family);--awb-caption-title-font-weight:var(--h2_typography-font-weight);--awb-caption-title-font-style:var(--h2_typography-font-style);--awb-caption-title-size:var(--h2_typography-font-size);--awb-caption-title-transform:var(--h2_typography-text-transform);--awb-caption-title-line-height:var(--h2_typography-line-height);--awb-caption-title-letter-spacing:var(--h2_typography-letter-spacing);\"><span class=\" fusion-imageframe imageframe-none imageframe-1 hover-type-none\"><img decoding=\"async\" width=\"824\" height=\"1120\" title=\"Expo_Segal-Sahli-Jemelin-3-affiche\" src=\"https:\/\/christianesegal.com\/wp-content\/uploads\/2022\/04\/Expo_Segal-Sahli-Jemelin-3-affiche.png\" data-orig-src=\"https:\/\/christianesegal.com\/wp-content\/uploads\/2022\/04\/Expo_Segal-Sahli-Jemelin-3-affiche.png\" alt class=\"lazyload img-responsive wp-image-4100\" srcset=\"data:image\/svg+xml,%3Csvg%20xmlns%3D%27http%3A%2F%2Fwww.w3.org%2F2000%2Fsvg%27%20width%3D%27824%27%20height%3D%271120%27%20viewBox%3D%270%200%20824%201120%27%3E%3Crect%20width%3D%27824%27%20height%3D%271120%27%20fill-opacity%3D%220%22%2F%3E%3C%2Fsvg%3E\" data-srcset=\"https:\/\/christianesegal.com\/wp-content\/uploads\/2022\/04\/Expo_Segal-Sahli-Jemelin-3-affiche-200x272.png 200w, https:\/\/christianesegal.com\/wp-content\/uploads\/2022\/04\/Expo_Segal-Sahli-Jemelin-3-affiche-400x544.png 400w, https:\/\/christianesegal.com\/wp-content\/uploads\/2022\/04\/Expo_Segal-Sahli-Jemelin-3-affiche-600x816.png 600w, https:\/\/christianesegal.com\/wp-content\/uploads\/2022\/04\/Expo_Segal-Sahli-Jemelin-3-affiche-800x1087.png 800w, https:\/\/christianesegal.com\/wp-content\/uploads\/2022\/04\/Expo_Segal-Sahli-Jemelin-3-affiche.png 824w\" data-sizes=\"auto\" data-orig-sizes=\"(max-width: 1024px) 100vw, (max-width: 640px) 100vw, 824px\" \/><\/span><\/div><div class=\"fusion-text fusion-text-2\" style=\"--awb-content-alignment:center;\"><p>Deviner une voie dans la mati\u00e8re apparemment chaotique, vers une forme structur\u00e9e. Extraire un mouvement entre pleins et creux, ombres et lumi\u00e8re, surface brute et polie. Donner \u00e0 voir une unit\u00e9 de sens et d\u2019\u00e9motion.<\/p>\n<\/div><\/div><\/div><div class=\"fusion-layout-column fusion_builder_column fusion-builder-column-5 fusion_builder_column_1_6 1_6 fusion-flex-column\" style=\"--awb-bg-size:cover;--awb-width-large:16.666666666667%;--awb-margin-top-large:20px;--awb-spacing-right-large:11.52%;--awb-margin-bottom-large:20px;--awb-spacing-left-large:11.52%;--awb-width-medium:100%;--awb-order-medium:0;--awb-spacing-right-medium:1.92%;--awb-spacing-left-medium:1.92%;--awb-width-small:100%;--awb-order-small:0;--awb-spacing-right-small:1.92%;--awb-spacing-left-small:1.92%;\"><div class=\"fusion-column-wrapper fusion-column-has-shadow fusion-flex-justify-content-flex-start fusion-content-layout-column\"><\/div><\/div><\/div><\/div>\n<div class=\"fusion-fullwidth fullwidth-box fusion-builder-row-4 fusion-flex-container hundred-percent-fullwidth non-hundred-percent-height-scrolling\" style=\"--awb-border-radius-top-left:0px;--awb-border-radius-top-right:0px;--awb-border-radius-bottom-right:0px;--awb-border-radius-bottom-left:0px;--awb-padding-top:26px;--awb-padding-bottom:8%;--awb-margin-top:0px;--awb-background-color:var(--awb-color2);--awb-flex-wrap:wrap;\" ><div class=\"fusion-builder-row fusion-row fusion-flex-align-items-flex-start fusion-flex-content-wrap\" style=\"width:calc( 100% + 0px ) !important;max-width:calc( 100% + 0px ) !important;margin-left: calc(-0px \/ 2 );margin-right: calc(-0px \/ 2 );\"><div class=\"fusion-layout-column fusion_builder_column fusion-builder-column-6 fusion_builder_column_1_3 1_3 fusion-flex-column fusion-no-small-visibility fusion-no-medium-visibility\" style=\"--awb-bg-blend:overlay;--awb-bg-size:cover;--awb-width-large:33.333333333333%;--awb-margin-top-large:20px;--awb-spacing-right-large:0px;--awb-margin-bottom-large:20px;--awb-spacing-left-large:0px;--awb-width-medium:100%;--awb-spacing-right-medium:0px;--awb-spacing-left-medium:0px;--awb-width-small:100%;--awb-spacing-right-small:0px;--awb-spacing-left-small:0px;\"><div class=\"fusion-column-wrapper fusion-flex-justify-content-flex-start fusion-content-layout-column\"><\/div><\/div><div class=\"fusion-layout-column fusion_builder_column fusion-builder-column-7 fusion_builder_column_1_3 1_3 fusion-flex-column\" style=\"--awb-bg-blend:overlay;--awb-bg-size:cover;--awb-width-large:33.333333333333%;--awb-margin-top-large:20px;--awb-spacing-right-large:0px;--awb-margin-bottom-large:20px;--awb-spacing-left-large:0px;--awb-width-medium:100%;--awb-spacing-right-medium:0px;--awb-spacing-left-medium:0px;--awb-width-small:100%;--awb-spacing-right-small:0px;--awb-spacing-left-small:0px;\"><div class=\"fusion-column-wrapper fusion-flex-justify-content-flex-start fusion-content-layout-column\"><div class=\"fusion-title title fusion-title-3 fusion-sep-none fusion-title-center fusion-title-text fusion-title-size-three\" style=\"--awb-margin-bottom:50px;--awb-margin-top-small:0px;--awb-margin-right-small:0px;--awb-margin-bottom-small:20px;--awb-margin-left-small:0px;--awb-font-size:40px;\"><h3 class=\"fusion-title-heading title-heading-center fusion-responsive-typography-calculated\" style=\"margin:0;font-size:1em;--fontSize:40;line-height:var(--awb-typography2-line-height);\"><span style=\"font-weight: normal;\"><\/p>\n<p>\t\t\t<span data-fusion-font=\"true\" data-fusion-google-font=\"Heebo\" data-fusion-google-variant=\"400\" style=\"font-family: Heebo; font-weight: 400;\"> <\/p>\n<p>En savoir plus sur l&#8217;exposition<\/span><\/span><span data-fusion-font=\"true\" data-fusion-google-font=\"Heebo\" data-fusion-google-variant=\"400\" style=\"font-family: Heebo; font-weight: 400;\"><\/p>\n<p> <\/span><\/h3><\/div><div class=\"fusion-text fusion-text-3\" style=\"--awb-content-alignment:center;--awb-font-size:22px;--awb-line-height:1.5em;\"><p data-fusion-font=\"true\" style=\"font-size: 19px;\">22 septembre au 9 octobre<\/p>\n<p><span data-fusion-font=\"true\" style=\"font-size: 19px;\">3 artistes amis:<\/span><br \/><span data-fusion-font=\"true\" style=\"font-size: 19px;\"><br \/>\nAnne-Charlotte Sahli, Christiane Segal, Michel Jemelin.<\/span><\/p>\n<p><span data-fusion-font=\"true\" style=\"font-size: 19px;\"><br \/><\/span><\/p>\n<\/div><div class=\"fusion-text fusion-text-4\"><p style=\"text-align: center;\">Cliquez sur les images pour les agrandir<\/p>\n<\/div><div class=\"awb-gallery-wrapper awb-gallery-wrapper-1 button-span-no\"><div style=\"margin:-35px;--awb-bordersize:0px;\" class=\"fusion-gallery fusion-gallery-container fusion-grid-2 fusion-columns-total-2 fusion-gallery-layout-grid fusion-gallery-1\"><div style=\"padding:35px;\" class=\"fusion-grid-column fusion-gallery-column fusion-gallery-column-2 hover-type-none\"><div class=\"fusion-gallery-image\"><a href=\"https:\/\/christianesegal.com\/wp-content\/uploads\/2022\/03\/article-accrochages.png\" data-title=\"article accrochages\" title=\"article accrochages\" rel=\"noreferrer\" data-rel=\"iLightbox[gallery_image_1]\" class=\"fusion-lightbox\" target=\"_self\"><img decoding=\"async\" src=\"https:\/\/christianesegal.com\/wp-content\/uploads\/2022\/03\/article-accrochages-460x295.png\" width=\"460\" height=\"295\" alt=\"\" title=\"article accrochages\" aria-label=\"article accrochages\" class=\"img-responsive wp-image-1640 fusion-gallery-image-size-fixed\"  \/><\/a><\/div><\/div><div style=\"padding:35px;\" class=\"fusion-grid-column fusion-gallery-column fusion-gallery-column-2 hover-type-none\"><div class=\"fusion-gallery-image\"><a href=\"https:\/\/christianesegal.com\/wp-content\/uploads\/2022\/03\/Expo_Segal-Sahli-Jemelin-3.png\" data-title=\"Expo_Segal-Sahli-Jemelin-3\" title=\"Expo_Segal-Sahli-Jemelin-3\" rel=\"noreferrer\" data-rel=\"iLightbox[gallery_image_1]\" class=\"fusion-lightbox\" target=\"_self\"><img decoding=\"async\" src=\"https:\/\/christianesegal.com\/wp-content\/uploads\/2022\/03\/Expo_Segal-Sahli-Jemelin-3-460x295.png\" width=\"460\" height=\"295\" alt=\"\" title=\"Expo_Segal-Sahli-Jemelin-3\" aria-label=\"Expo_Segal-Sahli-Jemelin-3\" class=\"img-responsive wp-image-1641 fusion-gallery-image-size-fixed\"  \/><\/a><\/div><\/div><div class=\"clearfix\"><\/div><\/div><\/div><\/div><\/div><div class=\"fusion-layout-column fusion_builder_column fusion-builder-column-8 fusion_builder_column_1_3 1_3 fusion-flex-column fusion-no-small-visibility fusion-no-medium-visibility\" style=\"--awb-bg-blend:overlay;--awb-bg-size:cover;--awb-width-large:33.333333333333%;--awb-margin-top-large:20px;--awb-spacing-right-large:0px;--awb-margin-bottom-large:20px;--awb-spacing-left-large:0px;--awb-width-medium:100%;--awb-spacing-right-medium:0px;--awb-spacing-left-medium:0px;--awb-width-small:100%;--awb-spacing-right-small:0px;--awb-spacing-left-small:0px;\"><div class=\"fusion-column-wrapper fusion-flex-justify-content-flex-start fusion-content-layout-column\"><\/div><\/div><\/div><\/div><\/p>\n","protected":false},"excerpt":{"rendered":"<p>Deviner une voie dans la mati\u00e8re apparemment chaotique, vers une forme structur\u00e9e. Extraire un mouvement entre pleins et creux, ombres et lumi\u00e8re, surface brute et polie. Donner \u00e0 voir une unit\u00e9 de sens et d\u2019\u00e9motion.<\/p>\n","protected":false},"author":1,"featured_media":3310,"comment_status":"closed","ping_status":"closed","sticky":false,"template":"","format":"standard","meta":{"_acf_changed":false,"_monsterinsights_skip_tracking":false,"_monsterinsights_sitenote_active":false,"_monsterinsights_sitenote_note":"","_monsterinsights_sitenote_category":0,"footnotes":""},"categories":[3],"tags":[],"class_list":["post-615","post","type-post","status-publish","format-standard","has-post-thumbnail","hentry","category-expositions"],"acf":[],"yoast_head":"<!-- This site is optimized with the Yoast SEO plugin v27.3 - https:\/\/yoast.com\/product\/yoast-seo-wordpress\/ -->\n<title>EXPOSITION 2016  - Grange de Jouxtens (VD) - Christiane SEGAL<\/title>\n<meta name=\"robots\" content=\"noindex, follow\" \/>\n<meta property=\"og:locale\" content=\"en_US\" \/>\n<meta property=\"og:type\" content=\"article\" \/>\n<meta property=\"og:title\" content=\"EXPOSITION 2016  - Grange de Jouxtens (VD) - Christiane SEGAL\" \/>\n<meta property=\"og:description\" content=\"Deviner une voie dans la mati\u00e8re apparemment chaotique, vers une forme structur\u00e9e. Extraire un mouvement entre pleins et creux, ombres et lumi\u00e8re, surface brute et polie. Donner \u00e0 voir une unit\u00e9 de sens et d\u2019\u00e9motion.\" \/>\n<meta property=\"og:url\" content=\"https:\/\/christianesegal.com\/en\/expositions\/exposition-2016-grange-de-jouxtens-vd\/\" \/>\n<meta property=\"og:site_name\" content=\"Christiane SEGAL\" \/>\n<meta property=\"article:published_time\" content=\"2019-03-15T11:53:22+00:00\" \/>\n<meta property=\"article:modified_time\" content=\"2022-04-05T10:46:43+00:00\" \/>\n<meta property=\"og:image\" content=\"https:\/\/christianesegal.com\/wp-content\/uploads\/2022\/04\/Expo_Segal-Sahli-Jemelin-3-affiche.png\" \/>\n\t<meta property=\"og:image:width\" content=\"824\" \/>\n\t<meta property=\"og:image:height\" content=\"1120\" \/>\n\t<meta property=\"og:image:type\" content=\"image\/png\" \/>\n<meta name=\"author\" content=\"Webmaster\" \/>\n<meta name=\"twitter:card\" content=\"summary_large_image\" \/>\n<script type=\"application\/ld+json\" class=\"yoast-schema-graph\">{\"@context\":\"https:\\\/\\\/schema.org\",\"@graph\":[{\"@type\":\"Article\",\"@id\":\"https:\\\/\\\/christianesegal.com\\\/en\\\/expositions\\\/exposition-2016-grange-de-jouxtens-vd\\\/#article\",\"isPartOf\":{\"@id\":\"https:\\\/\\\/christianesegal.com\\\/en\\\/expositions\\\/exposition-2016-grange-de-jouxtens-vd\\\/\"},\"author\":{\"name\":\"Webmaster\",\"@id\":\"https:\\\/\\\/christianesegal.com\\\/en\\\/#\\\/schema\\\/person\\\/bcf596b09972c35ee5b5d86aa2714994\"},\"headline\":\"EXPOSITION 2016 &#8211; Grange de Jouxtens (VD)\",\"datePublished\":\"2019-03-15T11:53:22+00:00\",\"dateModified\":\"2022-04-05T10:46:43+00:00\",\"mainEntityOfPage\":{\"@id\":\"https:\\\/\\\/christianesegal.com\\\/en\\\/expositions\\\/exposition-2016-grange-de-jouxtens-vd\\\/\"},\"wordCount\":878,\"publisher\":{\"@id\":\"https:\\\/\\\/christianesegal.com\\\/en\\\/#organization\"},\"image\":{\"@id\":\"https:\\\/\\\/christianesegal.com\\\/en\\\/expositions\\\/exposition-2016-grange-de-jouxtens-vd\\\/#primaryimage\"},\"thumbnailUrl\":\"https:\\\/\\\/christianesegal.com\\\/wp-content\\\/uploads\\\/2022\\\/04\\\/Expo_Segal-Sahli-Jemelin-3-affiche.png\",\"articleSection\":[\"Expositions\"],\"inLanguage\":\"en-US\"},{\"@type\":\"WebPage\",\"@id\":\"https:\\\/\\\/christianesegal.com\\\/en\\\/expositions\\\/exposition-2016-grange-de-jouxtens-vd\\\/\",\"url\":\"https:\\\/\\\/christianesegal.com\\\/en\\\/expositions\\\/exposition-2016-grange-de-jouxtens-vd\\\/\",\"name\":\"EXPOSITION 2016 - Grange de Jouxtens (VD) - Christiane SEGAL\",\"isPartOf\":{\"@id\":\"https:\\\/\\\/christianesegal.com\\\/en\\\/#website\"},\"primaryImageOfPage\":{\"@id\":\"https:\\\/\\\/christianesegal.com\\\/en\\\/expositions\\\/exposition-2016-grange-de-jouxtens-vd\\\/#primaryimage\"},\"image\":{\"@id\":\"https:\\\/\\\/christianesegal.com\\\/en\\\/expositions\\\/exposition-2016-grange-de-jouxtens-vd\\\/#primaryimage\"},\"thumbnailUrl\":\"https:\\\/\\\/christianesegal.com\\\/wp-content\\\/uploads\\\/2022\\\/04\\\/Expo_Segal-Sahli-Jemelin-3-affiche.png\",\"datePublished\":\"2019-03-15T11:53:22+00:00\",\"dateModified\":\"2022-04-05T10:46:43+00:00\",\"breadcrumb\":{\"@id\":\"https:\\\/\\\/christianesegal.com\\\/en\\\/expositions\\\/exposition-2016-grange-de-jouxtens-vd\\\/#breadcrumb\"},\"inLanguage\":\"en-US\",\"potentialAction\":[{\"@type\":\"ReadAction\",\"target\":[\"https:\\\/\\\/christianesegal.com\\\/en\\\/expositions\\\/exposition-2016-grange-de-jouxtens-vd\\\/\"]}]},{\"@type\":\"ImageObject\",\"inLanguage\":\"en-US\",\"@id\":\"https:\\\/\\\/christianesegal.com\\\/en\\\/expositions\\\/exposition-2016-grange-de-jouxtens-vd\\\/#primaryimage\",\"url\":\"https:\\\/\\\/christianesegal.com\\\/wp-content\\\/uploads\\\/2022\\\/04\\\/Expo_Segal-Sahli-Jemelin-3-affiche.png\",\"contentUrl\":\"https:\\\/\\\/christianesegal.com\\\/wp-content\\\/uploads\\\/2022\\\/04\\\/Expo_Segal-Sahli-Jemelin-3-affiche.png\",\"width\":824,\"height\":1120},{\"@type\":\"BreadcrumbList\",\"@id\":\"https:\\\/\\\/christianesegal.com\\\/en\\\/expositions\\\/exposition-2016-grange-de-jouxtens-vd\\\/#breadcrumb\",\"itemListElement\":[{\"@type\":\"ListItem\",\"position\":1,\"name\":\"Accueil\",\"item\":\"https:\\\/\\\/christianesegal.com\\\/en\\\/home\\\/\"},{\"@type\":\"ListItem\",\"position\":2,\"name\":\"EXPOSITION 2016 &#8211; Grange de Jouxtens (VD)\"}]},{\"@type\":\"WebSite\",\"@id\":\"https:\\\/\\\/christianesegal.com\\\/en\\\/#website\",\"url\":\"https:\\\/\\\/christianesegal.com\\\/en\\\/\",\"name\":\"Christiane SEGAL\",\"description\":\"Christiane SEGAL, sculpture\",\"publisher\":{\"@id\":\"https:\\\/\\\/christianesegal.com\\\/en\\\/#organization\"},\"potentialAction\":[{\"@type\":\"SearchAction\",\"target\":{\"@type\":\"EntryPoint\",\"urlTemplate\":\"https:\\\/\\\/christianesegal.com\\\/en\\\/?s={search_term_string}\"},\"query-input\":{\"@type\":\"PropertyValueSpecification\",\"valueRequired\":true,\"valueName\":\"search_term_string\"}}],\"inLanguage\":\"en-US\"},{\"@type\":\"Organization\",\"@id\":\"https:\\\/\\\/christianesegal.com\\\/en\\\/#organization\",\"name\":\"Christiane Segal Sculpture\",\"url\":\"https:\\\/\\\/christianesegal.com\\\/en\\\/\",\"logo\":{\"@type\":\"ImageObject\",\"inLanguage\":\"en-US\",\"@id\":\"https:\\\/\\\/christianesegal.com\\\/en\\\/#\\\/schema\\\/logo\\\/image\\\/\",\"url\":\"https:\\\/\\\/christianesegal.com\\\/wp-content\\\/uploads\\\/2022\\\/03\\\/Logo-Christiane-Segal-web.png\",\"contentUrl\":\"https:\\\/\\\/christianesegal.com\\\/wp-content\\\/uploads\\\/2022\\\/03\\\/Logo-Christiane-Segal-web.png\",\"width\":872,\"height\":878,\"caption\":\"Christiane Segal Sculpture\"},\"image\":{\"@id\":\"https:\\\/\\\/christianesegal.com\\\/en\\\/#\\\/schema\\\/logo\\\/image\\\/\"}},{\"@type\":\"Person\",\"@id\":\"https:\\\/\\\/christianesegal.com\\\/en\\\/#\\\/schema\\\/person\\\/bcf596b09972c35ee5b5d86aa2714994\",\"name\":\"Webmaster\"}]}<\/script>\n<!-- \/ Yoast SEO plugin. -->","yoast_head_json":{"title":"EXPOSITION 2016  - Grange de Jouxtens (VD) - Christiane SEGAL","robots":{"index":"noindex","follow":"follow"},"og_locale":"en_US","og_type":"article","og_title":"EXPOSITION 2016  - Grange de Jouxtens (VD) - Christiane SEGAL","og_description":"Deviner une voie dans la mati\u00e8re apparemment chaotique, vers une forme structur\u00e9e. Extraire un mouvement entre pleins et creux, ombres et lumi\u00e8re, surface brute et polie. Donner \u00e0 voir une unit\u00e9 de sens et d\u2019\u00e9motion.","og_url":"https:\/\/christianesegal.com\/en\/expositions\/exposition-2016-grange-de-jouxtens-vd\/","og_site_name":"Christiane SEGAL","article_published_time":"2019-03-15T11:53:22+00:00","article_modified_time":"2022-04-05T10:46:43+00:00","og_image":[{"width":824,"height":1120,"url":"https:\/\/christianesegal.com\/wp-content\/uploads\/2022\/04\/Expo_Segal-Sahli-Jemelin-3-affiche.png","type":"image\/png"}],"author":"Webmaster","twitter_card":"summary_large_image","schema":{"@context":"https:\/\/schema.org","@graph":[{"@type":"Article","@id":"https:\/\/christianesegal.com\/en\/expositions\/exposition-2016-grange-de-jouxtens-vd\/#article","isPartOf":{"@id":"https:\/\/christianesegal.com\/en\/expositions\/exposition-2016-grange-de-jouxtens-vd\/"},"author":{"name":"Webmaster","@id":"https:\/\/christianesegal.com\/en\/#\/schema\/person\/bcf596b09972c35ee5b5d86aa2714994"},"headline":"EXPOSITION 2016 &#8211; Grange de Jouxtens (VD)","datePublished":"2019-03-15T11:53:22+00:00","dateModified":"2022-04-05T10:46:43+00:00","mainEntityOfPage":{"@id":"https:\/\/christianesegal.com\/en\/expositions\/exposition-2016-grange-de-jouxtens-vd\/"},"wordCount":878,"publisher":{"@id":"https:\/\/christianesegal.com\/en\/#organization"},"image":{"@id":"https:\/\/christianesegal.com\/en\/expositions\/exposition-2016-grange-de-jouxtens-vd\/#primaryimage"},"thumbnailUrl":"https:\/\/christianesegal.com\/wp-content\/uploads\/2022\/04\/Expo_Segal-Sahli-Jemelin-3-affiche.png","articleSection":["Expositions"],"inLanguage":"en-US"},{"@type":"WebPage","@id":"https:\/\/christianesegal.com\/en\/expositions\/exposition-2016-grange-de-jouxtens-vd\/","url":"https:\/\/christianesegal.com\/en\/expositions\/exposition-2016-grange-de-jouxtens-vd\/","name":"EXPOSITION 2016 - Grange de Jouxtens (VD) - Christiane SEGAL","isPartOf":{"@id":"https:\/\/christianesegal.com\/en\/#website"},"primaryImageOfPage":{"@id":"https:\/\/christianesegal.com\/en\/expositions\/exposition-2016-grange-de-jouxtens-vd\/#primaryimage"},"image":{"@id":"https:\/\/christianesegal.com\/en\/expositions\/exposition-2016-grange-de-jouxtens-vd\/#primaryimage"},"thumbnailUrl":"https:\/\/christianesegal.com\/wp-content\/uploads\/2022\/04\/Expo_Segal-Sahli-Jemelin-3-affiche.png","datePublished":"2019-03-15T11:53:22+00:00","dateModified":"2022-04-05T10:46:43+00:00","breadcrumb":{"@id":"https:\/\/christianesegal.com\/en\/expositions\/exposition-2016-grange-de-jouxtens-vd\/#breadcrumb"},"inLanguage":"en-US","potentialAction":[{"@type":"ReadAction","target":["https:\/\/christianesegal.com\/en\/expositions\/exposition-2016-grange-de-jouxtens-vd\/"]}]},{"@type":"ImageObject","inLanguage":"en-US","@id":"https:\/\/christianesegal.com\/en\/expositions\/exposition-2016-grange-de-jouxtens-vd\/#primaryimage","url":"https:\/\/christianesegal.com\/wp-content\/uploads\/2022\/04\/Expo_Segal-Sahli-Jemelin-3-affiche.png","contentUrl":"https:\/\/christianesegal.com\/wp-content\/uploads\/2022\/04\/Expo_Segal-Sahli-Jemelin-3-affiche.png","width":824,"height":1120},{"@type":"BreadcrumbList","@id":"https:\/\/christianesegal.com\/en\/expositions\/exposition-2016-grange-de-jouxtens-vd\/#breadcrumb","itemListElement":[{"@type":"ListItem","position":1,"name":"Accueil","item":"https:\/\/christianesegal.com\/en\/home\/"},{"@type":"ListItem","position":2,"name":"EXPOSITION 2016 &#8211; Grange de Jouxtens (VD)"}]},{"@type":"WebSite","@id":"https:\/\/christianesegal.com\/en\/#website","url":"https:\/\/christianesegal.com\/en\/","name":"Christiane SEGAL","description":"Christiane SEGAL, sculpture","publisher":{"@id":"https:\/\/christianesegal.com\/en\/#organization"},"potentialAction":[{"@type":"SearchAction","target":{"@type":"EntryPoint","urlTemplate":"https:\/\/christianesegal.com\/en\/?s={search_term_string}"},"query-input":{"@type":"PropertyValueSpecification","valueRequired":true,"valueName":"search_term_string"}}],"inLanguage":"en-US"},{"@type":"Organization","@id":"https:\/\/christianesegal.com\/en\/#organization","name":"Christiane Segal Sculpture","url":"https:\/\/christianesegal.com\/en\/","logo":{"@type":"ImageObject","inLanguage":"en-US","@id":"https:\/\/christianesegal.com\/en\/#\/schema\/logo\/image\/","url":"https:\/\/christianesegal.com\/wp-content\/uploads\/2022\/03\/Logo-Christiane-Segal-web.png","contentUrl":"https:\/\/christianesegal.com\/wp-content\/uploads\/2022\/03\/Logo-Christiane-Segal-web.png","width":872,"height":878,"caption":"Christiane Segal Sculpture"},"image":{"@id":"https:\/\/christianesegal.com\/en\/#\/schema\/logo\/image\/"}},{"@type":"Person","@id":"https:\/\/christianesegal.com\/en\/#\/schema\/person\/bcf596b09972c35ee5b5d86aa2714994","name":"Webmaster"}]}},"_links":{"self":[{"href":"https:\/\/christianesegal.com\/en\/wp-json\/wp\/v2\/posts\/615","targetHints":{"allow":["GET"]}}],"collection":[{"href":"https:\/\/christianesegal.com\/en\/wp-json\/wp\/v2\/posts"}],"about":[{"href":"https:\/\/christianesegal.com\/en\/wp-json\/wp\/v2\/types\/post"}],"author":[{"embeddable":true,"href":"https:\/\/christianesegal.com\/en\/wp-json\/wp\/v2\/users\/1"}],"replies":[{"embeddable":true,"href":"https:\/\/christianesegal.com\/en\/wp-json\/wp\/v2\/comments?post=615"}],"version-history":[{"count":9,"href":"https:\/\/christianesegal.com\/en\/wp-json\/wp\/v2\/posts\/615\/revisions"}],"predecessor-version":[{"id":3346,"href":"https:\/\/christianesegal.com\/en\/wp-json\/wp\/v2\/posts\/615\/revisions\/3346"}],"wp:featuredmedia":[{"embeddable":true,"href":"https:\/\/christianesegal.com\/en\/wp-json\/wp\/v2\/media\/3310"}],"wp:attachment":[{"href":"https:\/\/christianesegal.com\/en\/wp-json\/wp\/v2\/media?parent=615"}],"wp:term":[{"taxonomy":"category","embeddable":true,"href":"https:\/\/christianesegal.com\/en\/wp-json\/wp\/v2\/categories?post=615"},{"taxonomy":"post_tag","embeddable":true,"href":"https:\/\/christianesegal.com\/en\/wp-json\/wp\/v2\/tags?post=615"}],"curies":[{"name":"wp","href":"https:\/\/api.w.org\/{rel}","templated":true}]}}